{"message":"Busqueda exitosa","article":[{"id":1941,"title":"Realizan 3er Encuentro de la Feria Multidisciplinaria de Salud con servicios y orientaci\u00f3n para la comunidad universitaria","content":"<p><br>Con el objetivo de acercar informaci&oacute;n, orientaci&oacute;n y servicios que promuevan h&aacute;bitos saludables y una cultura universitaria m&aacute;s consciente, la Universidad Aut&oacute;noma de Baja California Sur (UABCS) llev&oacute; a cabo el 3er Encuentro de la Feria Multidisciplinaria de Salud este 22 de abril, en un horario de 9:00 a 13:00 horas.<\/p>\r\n<p><br>La jornada fue organizada con el apoyo de la Secretar&iacute;a de Salud, contando con diversos m&oacute;dulos interactivos e informativos enfocados en la prevenci&oacute;n y el cuidado integral de la salud. Asimismo, se sumaron instituciones como la Secretar&iacute;a de Marina, a trav&eacute;s de la Comandancia de la Cuarta Regi&oacute;n Naval y su Servicio de Sanidad Naval, que particip&oacute; con el &aacute;rea de odontolog&iacute;a mediante una campa&ntilde;a de salud bucal; adem&aacute;s del Centro Estatal de Transfusi&oacute;n Sangu&iacute;nea, que impuls&oacute; la donaci&oacute;n altruista de sangre.<\/p>\r\n<p><br>De acuerdo con la Dra. Ariadna &Aacute;vila, coordinadora de Responsabilidad Social Universitaria, este esfuerzo conjunto refleja el compromiso de distintas instancias por fortalecer el bienestar integral y fomentar el autocuidado dentro de la comunidad.<\/p>\r\n<p><br>Por su parte, la Dra. Francisca Garc&iacute;a Rodr&iacute;guez, responsable de Prevenci&oacute;n y Promoci&oacute;n de la Salud en el Departamento de Servicios M&eacute;dicos de la UABCS, destac&oacute; que este 2026 se cumplen 10 a&ntilde;os desde el inicio de la Feria Universitaria de la Salud, desarrollada en coordinaci&oacute;n con la Secretar&iacute;a de Salud de Baja California Sur.<\/p>\r\n<p><br>Explic&oacute; que, para este a&ntilde;o, se logr&oacute; establecer una periodicidad mensual con el prop&oacute;sito de llevar estos servicios a diferentes espacios del campus y facilitar el acceso de la comunidad universitaria. En este sentido, durante el primer semestre de 2026 se programaron cuatro ferias, de las cuales ya se han realizado dos con resultados positivos: la primera en la explanada de Ciencias del Mar, con 707 asistentes, y la segunda en el &aacute;rea de Ciencias Agropecuarias (edificio CA04), con 619 participantes.<\/p>\r\n<p><br>Asimismo, resalt&oacute; la incorporaci&oacute;n de la unidad m&oacute;vil del Servicio Amigable Itinerante EDUSEX, gracias al apoyo del Programa Estatal de Planificaci&oacute;n y Anticoncepci&oacute;n y de Salud Sexual y Reproductiva del Adolescente, la cual brind&oacute; asesor&iacute;a, capacitaci&oacute;n y atenci&oacute;n m&eacute;dica en m&eacute;todos anticonceptivos a 21 estudiantes durante esta tercera jornada.<\/p>","main_image":"assets\/images\/articles\/1941\/69ef82a6858ab.jpeg","URL":null,"users_id":3,"campus_id":2,"categories_id":10,"active":"active","main_page":1,"created_at":"2026-04-27T15:37:10.000000Z","updated_at":"2026-04-27T15:37:10.000000Z","release_date":"2026-04-26 00:00:00","deleted_at":null},{"id":1931,"title":"Celebrar\u00e1n 3\u00aa Feria Universitaria de la Salud en la UABCS","content":"<p><br>Por tercera ocasi&oacute;n en el semestre, la Universidad Aut&oacute;noma de Baja California Sur (UABCS) ser&aacute; sede de la Feria Universitaria de la Salud, que se llevar&aacute; a cabo el pr&oacute;ximo mi&eacute;rcoles 22 de abril, en un horario de 9:00 a 13:00 horas, en la explanada de Ciencias Sociales y Jur&iacute;dicas y Humanidades (frente al edificio CSH-45).<\/p>\r\n<p><br>La actividad es coordinada por la Jurisdicci&oacute;n Sanitaria 03 La Paz de la Secretar&iacute;a de Salud estatal, en colaboraci&oacute;n con la universidad, con el objetivo de acercar servicios de prevenci&oacute;n y promoci&oacute;n de la salud a la comunidad universitaria.<\/p>\r\n<p><br>De acuerdo con la Dra. Francisca Garc&iacute;a Rodr&iacute;guez, responsable de Prevenci&oacute;n y Promoci&oacute;n de la Salud en el Departamento de Servicios M&eacute;dicos de la UABCS, esta feria forma parte de una estrategia que contempla la realizaci&oacute;n de jornadas mensuales durante el primer semestre de 2026, de febrero a mayo, ubic&aacute;ndolas en distintas &aacute;reas del campus para facilitar el acceso a estudiantes, docentes y personal administrativo.<\/p>\r\n<p><br>En este sentido, destac&oacute; que ya se han llevado a cabo dos ferias de manera exitosa: la primera en la explanada del edificio de Biolog&iacute;a Marina y la segunda en el &aacute;rea de Agronom&iacute;a, logrando una amplia participaci&oacute;n de la comunidad universitaria.<\/p>\r\n<p><br>Asimismo, se&ntilde;al&oacute; que a partir de la segunda edici&oacute;n se incorpor&oacute;, con el apoyo de la Secretar&iacute;a de Salud, la unidad m&oacute;vil del Servicio Amigable Itinerante EDUSEX, la cual brinda asesor&iacute;a, capacitaci&oacute;n y atenci&oacute;n m&eacute;dica en temas de salud sexual y reproductiva, especialmente en m&eacute;todos anticonceptivos, resaltando que este servicio tambi&eacute;n estar&aacute; presente en la tercera feria, fortaleciendo la atenci&oacute;n integral a las y los asistentes.<\/p>\r\n<p><br>Por su parte, la Dra. &Aacute;ngela Alonso Cano, jefa de la Jurisdicci&oacute;n Sanitaria 03 La Paz, inform&oacute; que durante estas jornadas se desarrollan diversas acciones y programas en &aacute;reas como salud bucal, vacunaci&oacute;n, planificaci&oacute;n familiar, salud mental, prevenci&oacute;n de enfermedades cr&oacute;nico-degenerativas, as&iacute; como orientaci&oacute;n en salud sexual y reproductiva.<\/p>\r\n<p><br>Indic&oacute; que, hasta el momento, cerca de mil estudiantes han sido beneficiados en la UABCS con estas actividades, las cuales permiten no s&oacute;lo acceder a servicios b&aacute;sicos de salud, sino tambi&eacute;n recibir informaci&oacute;n, resolver dudas y fomentar h&aacute;bitos saludables.<\/p>","main_image":"assets\/images\/articles\/1931\/69e69463010fc.JPG","URL":null,"users_id":3,"campus_id":2,"categories_id":10,"active":"active","main_page":1,"created_at":"2026-04-20T21:02:27.000000Z","updated_at":"2026-04-20T21:02:27.000000Z","release_date":"2026-04-20 00:00:00","deleted_at":null},{"id":1928,"title":"Estudiantes de la UABCS apoyan Campa\u00f1a Nacional de Vacunaci\u00f3n Antirr\u00e1bica","content":"<p><br>Como parte de su compromiso con la salud p&uacute;blica y el bienestar animal, estudiantes de la Licenciatura en Medicina Veterinaria y Zootecnia de la Universidad Aut&oacute;noma de Baja California Sur (UABCS) participan activamente en la Campa&ntilde;a Nacional de Vacunaci&oacute;n Antirr&aacute;bica Canina y Felina, tras haber recibido capacitaci&oacute;n por parte de la Secretar&iacute;a de Salud del Gobierno del Estado.<\/p>\r\n<p><br>Actualmente, el alumnado colabora en seis m&oacute;dulos de vacunaci&oacute;n establecidos por la autoridad sanitaria en diferentes puntos, contribuyendo a la prevenci&oacute;n de esta enfermedad y fortaleciendo las acciones de protecci&oacute;n a la poblaci&oacute;n.<\/p>\r\n<p><br>Al respecto, el jefe del Departamento Acad&eacute;mico de Ciencia Animal y Conservaci&oacute;n del H&aacute;bitat, Dr. Rafael de Luna de la Pe&ntilde;a, destac&oacute; que esta participaci&oacute;n es resultado de un proceso de capacitaci&oacute;n previo, que, sumado al aprendizaje en las aulas y pr&aacute;cticas en campo, permite a las y los estudiantes integrarse de manera responsable y profesional a este tipo de campa&ntilde;as.<\/p>\r\n<p><br>Se&ntilde;al&oacute; que la UABCS mantiene un firme compromiso con el impulso de iniciativas que atienden problem&aacute;ticas sociales y de salud, promoviendo la colaboraci&oacute;n institucional y la participaci&oacute;n activa de su comunidad estudiantil.<\/p>\r\n<p><br>Asimismo, subray&oacute; que involucrarse en este tipo de acciones representa una valiosa oportunidad formativa para quienes se preparan como m&eacute;dicos veterinarios y veterinarias, ya que les permite aplicar sus conocimientos en contextos reales, desarrollar habilidades pr&aacute;cticas y fortalecer su sentido de responsabilidad social.<\/p>\r\n<p><br>&ldquo;Estas experiencias contribuyen de manera directa a su formaci&oacute;n integral, al tiempo que refuerzan la importancia de vincular el bienestar animal con la salud p&uacute;blica, un aspecto fundamental en su ejercicio profesional&rdquo;, puntualiz&oacute;.<\/p>","main_image":"assets\/images\/articles\/1928\/69e64460be03c.jpeg","URL":null,"users_id":3,"campus_id":2,"categories_id":10,"active":"active","main_page":1,"created_at":"2026-04-20T15:21:04.000000Z","updated_at":"2026-04-20T15:21:04.000000Z","release_date":"2026-04-19 00:00:00","deleted_at":null},{"id":1922,"title":"UABCS lleva a cabo \u201cTejet\u00f3n de la inclusi\u00f3n\u201d para visibilizar la sordoceguera","content":"<p><br>En el marco del D&iacute;a Internacional de las Personas con Sordoceguera, que se conmemora cada 27 de junio, la Universidad Aut&oacute;noma de Baja California Sur (UABCS) se suma un a&ntilde;o m&aacute;s al &ldquo;Tejet&oacute;n de la inclusi&oacute;n&rdquo;, una iniciativa solidaria que promueve la conciencia social a trav&eacute;s del trabajo colaborativo.<\/p>\r\n<p><br>Esta actividad forma parte de la campa&ntilde;a mundial &ldquo;Grafiti Tejido&rdquo;, impulsada por la organizaci&oacute;n Deafblind International, cuyo objetivo es sensibilizar a la poblaci&oacute;n sobre la sordoceguera y visibilizar las barreras que enfrentan d&iacute;a a d&iacute;a las personas con esta condici&oacute;n.<\/p>\r\n<p><br>El &ldquo;Tejet&oacute;n de la inclusi&oacute;n&rdquo; es una propuesta internacional de arte textil comunitario que invita a las personas a participar mediante la elaboraci&oacute;n de cuadros tejidos de 20 x 20 cent&iacute;metros en distintos colores, los cuales posteriormente se integran en piezas colectivas que simbolizan la uni&oacute;n, la empat&iacute;a y la inclusi&oacute;n.<\/p>\r\n<p><br>Asimismo, quienes no tejan pueden sumarse donando estambre o materiales para las jornadas de tejido colectivo que se llevan a cabo en la UABCS, con el apoyo de clubes de tejido.<\/p>\r\n<p><br>Las aportaciones pueden entregarse en la Oficina de Responsabilidad Social Universitaria (edificio AD-19) y en la Oficina de Proinclusi&oacute;n (edificio AD-10), en un horario de 8:00 a 15:00 horas, teniendo como fecha l&iacute;mite el pr&oacute;ximo 29 de mayo.<\/p>\r\n<p><br>De acuerdo con la Coordinaci&oacute;n de Responsabilidad Social Universitaria, para este 2026, la meta es superar los 507 cuadros reunidos el a&ntilde;o pasado, consolidando as&iacute; una participaci&oacute;n a&uacute;n m&aacute;s amplia de la comunidad universitaria y la sociedad en general.&nbsp;<\/p>\r\n<p><br>Adem&aacute;s, es importante se&ntilde;alar que, a manera de incentivo, se otorgar&aacute; una regleta pre-braille a la persona o grupo que logre el mayor acopio de piezas, instrumento dise&ntilde;ado para que infantes y adultos puedan iniciarse en la lectoescritura Braille.&nbsp;<\/p>\r\n<p>&nbsp;<\/p>","main_image":"assets\/images\/articles\/1922\/69dff7ec823d5.jpeg","URL":null,"users_id":3,"campus_id":2,"categories_id":10,"active":"active","main_page":1,"created_at":"2026-04-15T20:41:16.000000Z","updated_at":"2026-04-15T20:41:16.000000Z","release_date":"2026-04-15 00:00:00","deleted_at":null},{"id":1904,"title":"UABCS se suma a la Semana Nacional de Vacunaci\u00f3n Antirr\u00e1bica Canina y Felina 2026","content":"<p><br>La Universidad Aut&oacute;noma de Baja California Sur (UABCS) refrenda su compromiso con la salud p&uacute;blica y el bienestar animal al sumarse a la Semana Nacional de Vacunaci&oacute;n Antirr&aacute;bica Canina y Felina 2026, en coordinaci&oacute;n con la Secretar&iacute;a de Salud.<\/p>\r\n<p><br>Por instrucci&oacute;n del rector, Dr. Dante Arturo Salgado Gonz&aacute;lez, el Departamento Acad&eacute;mico de Ciencia Animal y Conservaci&oacute;n del H&aacute;bitat participar&aacute; activamente en esta jornada, mediante la instalaci&oacute;n de diversos puestos de vacunaci&oacute;n en la ciudad de La Paz, as&iacute; como uno m&aacute;s en la Delegaci&oacute;n de Todos Santos.<\/p>\r\n<p><br>Como parte de los trabajos preparatorios, el Dr. Rafael de Luna De la Pe&ntilde;a, jefe del departamento acad&eacute;mico, y el Dr. Armando Romero Yerena, responsable de la materia de Zootecnia y Est&eacute;tica de Perros y Gatos de la carrera de M&eacute;dico Veterinario Zootecnista, sostuvieron una reuni&oacute;n de coordinaci&oacute;n con autoridades de salud, entre ellas la Dra. &Aacute;ngela Alonso Cano, jefa de la Jurisdicci&oacute;n Sanitaria 3 La Paz, y la Dra. Mar&iacute;a de Jes&uacute;s L&oacute;pez Collins, responsable del Programa de Zoonosis en la misma jurisdicci&oacute;n.<\/p>\r\n<p><br>Derivado de este encuentro, se acord&oacute; la participaci&oacute;n de la UABCS en la estrategia estatal de vacunaci&oacute;n, fortaleciendo as&iacute; las acciones preventivas en beneficio de la poblaci&oacute;n.<\/p>\r\n<p><br>Asimismo, el 27 de marzo se realiz&oacute; una jornada de vacunaci&oacute;n en el Hospital Veterinario de la UABCS, con la participaci&oacute;n de la MVZ Grecia Olivia Meza Huerta y del MVZ Jos&eacute; Carlos Cota &Aacute;lvarez, quienes contribuyeron a la atenci&oacute;n de animales de compa&ntilde;&iacute;a y a la sensibilizaci&oacute;n sobre la importancia de la vacunaci&oacute;n.<\/p>\r\n<p><br>De acuerdo con el Dr. Rafael de Luna, estas acciones destacan la relevancia de la vacunaci&oacute;n antirr&aacute;bica como una medida esencial para prevenir la propagaci&oacute;n de esta enfermedad en perros y gatos, y proteger la salud de la ciudadan&iacute;a.<\/p>","main_image":"assets\/images\/articles\/1904\/69d3ccdc0e1d5.jpeg","URL":null,"users_id":3,"campus_id":2,"categories_id":10,"active":"active","main_page":1,"created_at":"2026-04-06T15:10:20.000000Z","updated_at":"2026-04-06T15:10:20.000000Z","release_date":"2026-03-29 00:00:00","deleted_at":null},{"id":1889,"title":"Realiza UABCS nueva edici\u00f3n de la Feria Interinstitucional de Educaci\u00f3n Vial 2026","content":"<p><br>Para fomentar una cultura de movilidad responsable y segura entre la comunidad universitaria y la sociedad, tuvo lugar nuevamente en la Universidad Aut&oacute;noma de Baja California Sur la Feria Interinstitucional de Educaci&oacute;n Vial, con el apoyo de diversas instituciones y dependencias estatales y municipales, as&iacute; como colectivos y organizaciones de la sociedad civil.<\/p>\r\n<p><br>Este esfuerzo conjunto busca promover la prevenci&oacute;n de accidentes viales mediante pl&aacute;ticas informativas, m&oacute;dulos interactivos y actividades participativas dirigidas a estudiantes y p&uacute;blico asistente.<\/p>\r\n<p><br>En esta edici&oacute;n 2026, la inauguraci&oacute;n estuvo a cargo del Dr. Manuel Coronado Garc&iacute;a, secretario general, en representaci&oacute;n del rector Dante Salgado Gonz&aacute;lez, quien agradeci&oacute; en primera instancia a todas y todos los participantes, pero sobre todo de la comunidad estudiantil a quien va dirigida principalmente esta campa&ntilde;a.<\/p>\r\n<p><br>El funcionario universitario destac&oacute; la relevancia de este tipo de espacios, se&ntilde;alando que la educaci&oacute;n vial debe asumirse como un componente esencial de la formaci&oacute;n ciudadana, asegurando que una persona informada, es alguien que respeta la vida, tanto la propia como la de los dem&aacute;s.<\/p>\r\n<p><br>Por su parte, la Dra. Ariadna &Aacute;vila Garc&iacute;a, coordinadora de Responsabilidad Social Universitaria, explic&oacute; que esta feria forma parte de las acciones institucionales orientadas a fortalecer la conciencia social dentro y fuera del campus.<\/p>\r\n<p><br>Adem&aacute;s de informar, se&ntilde;al&oacute; que el objetivo es promover la prevenci&oacute;n y difundir mecanismos de actuaci&oacute;n ante siniestros viales, contribuyendo a la construcci&oacute;n de una comunidad m&aacute;s consciente y solidaria.<\/p>\r\n<p><br>En el acto tambi&eacute;n se cont&oacute; con la presencia de autoridades de las distintas dependencias participantes, tanto de Gobierno del Estado de BCS, Ayuntamiento de La Paz, corporaciones de seguridad p&uacute;blica y atenci&oacute;n ciudadana, Bcsicletos Colectivo de Ciclismo Urbano A.C., entre otras.<\/p>\r\n<p><br>Como parte del programa, que tuvo lugar de las 9:00 a las 13:00 horas, se desarrollaron actividades con din&aacute;micas recreativas y m&oacute;dulos informativos con atenci&oacute;n personalizada, buscando generar reflexi&oacute;n y aprendizaje en torno a la seguridad vial.<\/p>","main_image":"assets\/images\/articles\/1889\/69bc63c8d5427.jpeg","URL":null,"users_id":3,"campus_id":2,"categories_id":10,"active":"active","main_page":1,"created_at":"2026-03-19T20:59:52.000000Z","updated_at":"2026-03-19T20:59:52.000000Z","release_date":"2026-03-19 00:00:00","deleted_at":null},{"id":1849,"title":"UABCS se suma a Mega Limpieza Estatal de Playas 2026 \u201cOla Azul, movimiento que une, limpia y transforma\u201d","content":"<p><br>La Universidad Aut&oacute;noma de Baja California Sur (UABCS) anunci&oacute; su participaci&oacute;n en la Mega Limpieza Estatal de Playas 2026, denominada &ldquo;Ola Azul, movimiento que une, limpia y transforma&rdquo;, una jornada ambiental coordinada por el movimiento ciudadano Clean Up, en colaboraci&oacute;n con autoridades federales, estatales y municipales, as&iacute; como con organizaciones vinculadas a la salud ambiental y la conservaci&oacute;n de los ecosistemas.<\/p>\r\n<p><br>De acuerdo con la Dra. Ariadna &Aacute;vila, coordinadora de Responsabilidad Social Universitaria de la UABCS, el evento se llevar&aacute; a cabo el domingo 22 de marzo, a partir de las 8:00 horas, de manera simult&aacute;nea en los cinco municipios de Baja California Sur.<\/p>\r\n<p><br>Explic&oacute; que esta jornada forma parte de la Estrategia Nacional de Limpieza y Conservaci&oacute;n de Playas y Costas de M&eacute;xico 2025&ndash;2030, cuyo objetivo es fortalecer la corresponsabilidad ambiental, impulsar la participaci&oacute;n social y contribuir a la conservaci&oacute;n de los ecosistemas costeros y terrestres del estado, mediante el trabajo conjunto de los tres &oacute;rdenes de gobierno, as&iacute; como de los sectores social, acad&eacute;mico y privado.<\/p>\r\n<p><br>&ldquo;Sumarse a esta iniciativa representa una oportunidad para que la comunidad universitaria ejerza un papel activo en la protecci&oacute;n del entorno, fomente una cultura ambiental responsable y contribuya a la construcci&oacute;n de un futuro m&aacute;s sostenible para Baja California Sur&rdquo;, se&ntilde;al&oacute; la Dra. &Aacute;vila.<\/p>\r\n<p><br>Actualmente, las &aacute;reas de intervenci&oacute;n se encuentran en proceso de evaluaci&oacute;n; sin embargo, de manera tentativa, en el municipio de La Paz se contempla impactar la playa La Er&eacute;ndira y zonas colindantes de manglar. En Loreto, se prev&eacute; intervenir nuevamente el Arroyo La Candelaria, tal como se realiz&oacute; el a&ntilde;o anterior. Mientras que, en Los Cabos, las acciones se llevar&aacute;n a cabo en El Vado de Santa Rosa, la cuenca del Estero Josefino, el Arroyo de Nueva Esperanza, el Arroyo de El Salto y el Arroyo Santo Seco.<\/p>\r\n<p><br>La coordinadora destac&oacute; que la intenci&oacute;n es que la UABCS participe de manera integral, a trav&eacute;s de su campus central en La Paz, as&iacute; como mediante sus extensiones acad&eacute;micas en los distintos municipios, promoviendo la participaci&oacute;n de estudiantes, personal acad&eacute;mico, administrativo y sociedad en general.<\/p>\r\n<p><br>Finalmente, subray&oacute; que la incorporaci&oacute;n de la casa de estudios a este tipo de iniciativas refrenda su compromiso institucional con la responsabilidad social universitaria, la educaci&oacute;n ambiental y la acci&oacute;n colectiva en favor del cuidado del medio ambiente, consolidando su papel como un actor clave en la construcci&oacute;n de comunidades m&aacute;s conscientes, participativas y resilientes.<\/p>","main_image":"assets\/images\/articles\/1849\/6993832e7d4cd.jpeg","URL":null,"users_id":3,"campus_id":2,"categories_id":10,"active":"active","main_page":1,"created_at":"2026-02-16T20:50:54.000000Z","updated_at":"2026-02-16T20:50:54.000000Z","release_date":"2026-02-16 00:00:00","deleted_at":null},{"id":1825,"title":"Instalan en la UABCS contenedores de Tapitas \u201cDestapando sonrisas, moviendo corazones\u201d en apoyo a la lucha contra el c\u00e1ncer infantil","content":"<p>&nbsp;<\/p>\r\n<p>La Universidad Aut&oacute;noma de Baja California Sur (UABCS) inaugur&oacute; los contenedores de la iniciativa &ldquo;Destapando sonrisas, moviendo corazones&rdquo;, un proyecto solidario que busca recolectar tapitas de pl&aacute;stico para contribuir a la lucha contra el c&aacute;ncer infantil, al tiempo que promueve la cultura del reciclaje, la responsabilidad social y la participaci&oacute;n comunitaria.<\/p>\r\n<p><br>Esta acci&oacute;n forma parte de los esfuerzos institucionales para sensibilizar a la comunidad universitaria sobre la importancia de adoptar pr&aacute;cticas sustentables y de sumarse a causas sociales que generan un impacto positivo en la ciudadan&iacute;a.<\/p>\r\n<p><br>Los contenedores est&aacute;n instalados en puntos estrat&eacute;gicos del campus La Paz, espec&iacute;ficamente en el Edificio de Ciencias Sociales y Humanidades, y la Explanada del Sindicato del Personal Acad&eacute;mico, facilitando as&iacute; la participaci&oacute;n de estudiantes, docentes, personal administrativo y visitantes.<\/p>\r\n<p><br>Durante el acto inaugural, el Secretario General de la UABCS, Dr. Manuel Coronado Garc&iacute;a, destac&oacute; la relevancia de este tipo de iniciativas como resultado de la suma de voluntades entre la comunidad universitaria, subrayando que la responsabilidad social se construye a partir de acciones concretas y solidarias.<\/p>\r\n<p><br>&ldquo;Este proyecto representa el esp&iacute;ritu de nuestra universidad: una instituci&oacute;n comprometida con las causas de su entorno, que promueve la empat&iacute;a, el cuidado del medio ambiente y el apoyo a quienes m&aacute;s lo necesitan. Cada tapita recolectada simboliza un esfuerzo colectivo para transformar realidades y brindar esperanza&rdquo;, expres&oacute;.<\/p>\r\n<p><br>Asimismo, hizo un llamado a la comunidad universitaria y a la sociedad en general a sumarse a esta campa&ntilde;a, depositando tapitas limpias en los contenedores designados y contribuyendo a fortalecer tanto la cultura del reciclaje como el apoyo a ni&ntilde;as y ni&ntilde;os que enfrentan el c&aacute;ncer.<\/p>\r\n<p>&nbsp;<\/p>","main_image":"assets\/images\/articles\/1825\/697bc7d0b285e.jpeg","URL":null,"users_id":3,"campus_id":2,"categories_id":10,"active":"active","main_page":1,"created_at":"2026-01-29T20:49:20.000000Z","updated_at":"2026-01-29T20:49:20.000000Z","release_date":"2026-01-29 00:00:00","deleted_at":null},{"id":1819,"title":"Inicia curso intersemestral sobre RSU en extensiones acad\u00e9micas","content":"<p>En las extensiones acad&eacute;micas de Ciudad Insurgentes y Loreto comenz&oacute; el curso intersemestral &ldquo;Proyectos de Responsabilidad Social Universitaria (RSU) con enfoque en el aula&rdquo;, impartido por personal de la CRSU.<\/p>\r\n<p><br>Este espacio formativo est&aacute; orientado a fortalecer conocimientos, habilidades y actitudes vinculadas con la Responsabilidad Social Universitaria, promoviendo su integraci&oacute;n en la pr&aacute;ctica docente y en el dise&ntilde;o de proyectos acad&eacute;micos con impacto social.<\/p>\r\n<p><br>A trav&eacute;s del curso, las y los participantes reflexionan sobre el papel de la universidad como agente de transformaci&oacute;n social, as&iacute; como sobre la importancia de generar procesos educativos que contribuyan al desarrollo sostenible, la atenci&oacute;n de problem&aacute;ticas locales y el fortalecimiento del v&iacute;nculo entre la universidad y su entorno.<\/p>\r\n<p><br>Estas acciones contribuyen a impulsar una educaci&oacute;n integral y consolidar pr&aacute;cticas acad&eacute;micas que incidan de manera positiva en la comunidad, alineadas con el modelo institucional de Responsabilidad Social Universitaria.<\/p>","main_image":"assets\/images\/articles\/1819\/6973c3b456500.jpeg","URL":null,"users_id":3,"campus_id":2,"categories_id":10,"active":"active","main_page":1,"created_at":"2026-01-23T18:53:40.000000Z","updated_at":"2026-01-23T20:45:52.000000Z","release_date":"2026-01-23 00:00:00","deleted_at":null},{"id":1818,"title":"La Ruta del Pl\u00e1stico fortalece acciones de reciclaje en la UABCS","content":"<p>&nbsp;<\/p>\r\n<p>La Coordinaci&oacute;n de Responsabilidad Social Universitaria (RSU) contin&uacute;a impulsando acciones para la gesti&oacute;n responsable de los residuos mediante La Ruta del Pl&aacute;stico, iniciativa que actualmente desarrolla labores de rehabilitaci&oacute;n y colocaci&oacute;n de se&ntilde;al&eacute;tica en los contenedores amarillos instalados en el campus, destinados exclusivamente al dep&oacute;sito de envases de pl&aacute;stico.<\/p>\r\n<p><br>En este arranque del primer semestre 2026, se busca mejorar las condiciones de los contenedores, facilitar su correcta identificaci&oacute;n y promover entre la comunidad universitaria un uso adecuado de los mismos, depositando &uacute;nicamente los residuos correspondientes y contribuyendo as&iacute; a los procesos de reciclaje.<\/p>\r\n<p><br>Desde la Coordinaci&oacute;n se hace un llamado a estudiantes, personal acad&eacute;mico y administrativo a cuidar y utilizar correctamente estos espacios, ya que su buen funcionamiento depende del compromiso colectivo y del respeto a la separaci&oacute;n de residuos.<\/p>\r\n<p><br>Asimismo, se invita a quienes deseen involucrarse de manera activa a sumarse como prestadores de Servicio Social o Voluntariado, a trav&eacute;s del programa &ldquo;RSU en Acci&oacute;n&rdquo;, con el objetivo de fortalecer estas estrategias ambientales y generar un impacto positivo en la comunidad universitaria.<\/p>","main_image":"assets\/images\/articles\/1818\/6973b1cd85432.jpeg","URL":null,"users_id":3,"campus_id":2,"categories_id":10,"active":"active","main_page":1,"created_at":"2026-01-23T17:37:17.000000Z","updated_at":"2026-01-23T17:37:17.000000Z","release_date":"2026-01-23 00:00:00","deleted_at":null},{"id":1815,"title":"UABCS impulsa la sostenibilidad mediante la recuperaci\u00f3n y valorizaci\u00f3n de residuos","content":"<p><br>&bull; &nbsp; &nbsp;M&aacute;s de 25 toneladas de residuos fueron acopiados y canalizados a centros de reciclaje trav&eacute;s de su Programa de Responsabilidad Social Universitaria, reduciendo la huella ambiental en el campus La Paz<\/p>\r\n<p>&nbsp;<\/p>\r\n<p>&nbsp;<\/p>\r\n<p>Como parte de las acciones permanentes de su Programa de Responsabilidad Social Universitaria (RSU), la Universidad Aut&oacute;noma de Baja California Sur (UABCS) logr&oacute; la captaci&oacute;n y valorizaci&oacute;n de 25 mil 569 kilogramos de residuos en el campus La Paz, los cuales fueron canalizados de manera responsable a centros de reciclaje mediante diversas estrategias institucionales.<\/p>\r\n<p><br>Los residuos valorizables recuperados incluyen material org&aacute;nico, pl&aacute;stico, vidrio, papel, cart&oacute;n y aluminio, resultado de un trabajo coordinado entre &aacute;reas administrativas, acad&eacute;micas y la comunidad universitaria en general.<\/p>\r\n<p><br>De acuerdo con el reporte de la Coordinaci&oacute;n de Responsabilidad Social Universitaria (CRSU), a trav&eacute;s de los contenedores de Mares Circulares y OMEGA se acopiaron 352 kilogramos de residuos; mientras que el Departamento de Archivo gestion&oacute; de manera adecuada poco m&aacute;s de 21 mil kilogramos de papel correspondiente a archivo muerto, cuya informaci&oacute;n no fue expuesta por tratarse de documentos sensibles.<\/p>\r\n<p><br>Asimismo, durante la Mega Jornada de Acopio &ldquo;M&aacute;s Que Reciclar&rdquo; se recuperaron m&aacute;s 1 mil kilogramos de residuos; mediante la Ruta del Pl&aacute;stico se recolectaron 290 kilogramos; en distintas jornadas de limpieza se acopiaron 838 kilogramos; y a trav&eacute;s de la Ruta del Caf&eacute; se rescataron 1 mil 650 kilogramos de residuos org&aacute;nicos, los cuales fueron destinados a procesos de aprovechamiento.<\/p>\r\n<p><br>Al respecto, la Dra. Ariadna &Aacute;vila Garc&iacute;a, coordinadora de la CRSU, destac&oacute; que estas acciones reflejan el compromiso institucional de la UABCS, en este caso a trav&eacute;s del Programa Institucional de Gesti&oacute;n Responsable de Residuos S&oacute;lidos que lidera el Dr. Pablo Hern&aacute;ndez Almaraz, con el cuidado del medio ambiente y la construcci&oacute;n de una cultura de responsabilidad compartida.<\/p>\r\n<p><br>Se&ntilde;al&oacute; que la correcta separaci&oacute;n y valorizaci&oacute;n de residuos no s&oacute;lo reduce la cantidad de desechos que llegan a los rellenos sanitarios, sino que tambi&eacute;n contribuye de manera directa a la protecci&oacute;n del medio ambiente.<\/p>\r\n<p><br>Estos resultados, se&ntilde;al&oacute;, son posibles gracias a la concientizaci&oacute;n y participaci&oacute;n activa de toda la comunidad universitaria, que ha asumido un papel fundamental en estas estrategias, de manera voluntaria.<\/p>\r\n<p><br>Adem&aacute;s del beneficio ambiental, estas acciones generan un impacto positivo en t&eacute;rminos de educaci&oacute;n ambiental, reducci&oacute;n de la huella ecol&oacute;gica y fortalecimiento de pr&aacute;cticas sostenibles, alineadas con el modelo de Responsabilidad Social Universitaria que distingue a la instituci&oacute;n, puntualiz&oacute; la Dra. &Aacute;vila Garc&iacute;a.&nbsp;<\/p>","main_image":"assets\/images\/articles\/1815\/696fee05e84c4.jpeg","URL":null,"users_id":3,"campus_id":2,"categories_id":10,"active":"active","main_page":1,"created_at":"2026-01-20T21:05:09.000000Z","updated_at":"2026-01-20T21:05:09.000000Z","release_date":"2026-01-20 00:00:00","deleted_at":null},{"id":1802,"title":"Recomendaciones para el cuidado responsable de mascotas durante la temporada invernal","content":"<p>La M.V.Z. Gracia Olivia Meza Huerta, responsable del Hospital Veterinario de la Universidad Aut&oacute;noma de Baja California Sur, comparti&oacute; una serie de recomendaciones para proteger la salud y bienestar de las mascotas durante la temporada invernal, periodo en el que los animales de compa&ntilde;&iacute;a pueden enfrentar diversos riesgos debido a las bajas temperaturas.<\/p>\r\n<p>&nbsp; &nbsp; &nbsp; De acuerdo con la acad&eacute;mica de la UABCS, cuando el clima comienza a descender los principales riesgos para perros y gatos incluyen la hipotermia, el complejo respiratorio felino y la traqueobronquitis infecciosa en caninos.<\/p>\r\n<p>&nbsp; &nbsp; &nbsp; Para prevenir estas afecciones, la especialista destac&oacute; la importancia de mantener a las mascotas resguardadas, proporcionarles un espacio c&aacute;lido como una casita o refugio adecuado y ofrecerles fuentes adicionales de calor, como cobijas.<\/p>\r\n<p>&nbsp; &nbsp; &nbsp; En algunos casos, particularmente en animales geri&aacute;tricos, dijo que es posible colocarles ropa o su&eacute;teres, siempre que esto no les genere estr&eacute;s y contribuya a su incomodidad.<\/p>\r\n<p>&nbsp; &nbsp; &nbsp; Del mismo modo, Meza Huerta explic&oacute; que identificar oportunamente los signos de hipotermia es fundamental para evitar complicaciones. Entre los m&aacute;s comunes, detall&oacute;, est&aacute;n la b&uacute;squeda constante de fuentes de calor, enfriamiento de orejas, patas y nariz, la p&eacute;rdida de apetito y una conducta inusualmente quieta o inactiva.<\/p>\r\n<p>&nbsp; &nbsp; &nbsp; Cuando estas se&ntilde;ales no corresponden al comportamiento habitual del animal, exhort&oacute; a actuar con rapidez y buscar atenci&oacute;n veterinaria.<\/p>\r\n<p>&nbsp; &nbsp; &nbsp; La responsable del Hospital Veterinario record&oacute; que una de las mejores maneras de proteger a las mascotas es mediante esquemas de vacunaci&oacute;n completos, ya que enfermedades como las del complejo respiratorio felino y la traqueobronquitis infecciosa pueden prevenirse con inmunizaci&oacute;n oportuna.&nbsp;<\/p>\r\n<p>&nbsp; &nbsp; &nbsp; Asimismo, recomend&oacute; asegurar que los animales permanezcan bien hidratados durante la temporada, y recomend&oacute; evitar ofrecer a las mascotas alimentos destinados para consumo humano, pues muchos contienen ingredientes que pueden causar malestares gastrointestinales o afectar su salud general.<\/p>\r\n<p>&nbsp; &nbsp; &nbsp; Adem&aacute;s, ante la cercan&iacute;a de las fiestas decembrinas, subray&oacute; la importancia de proteger a los animales del estr&eacute;s que provocan los fuegos artificiales, manteni&eacute;ndolos dentro del hogar y asegur&aacute;ndose de que cuenten con placa de identificaci&oacute;n con nombre y n&uacute;mero telef&oacute;nico, en caso de extrav&iacute;o.<\/p>","main_image":"assets\/images\/articles\/1802\/695c01ab2abd4.jpeg","URL":null,"users_id":2,"campus_id":2,"categories_id":10,"active":"active","main_page":1,"created_at":"2026-01-05T18:23:39.000000Z","updated_at":"2026-01-05T18:23:39.000000Z","release_date":"2026-01-05 00:00:00","deleted_at":null}]}